{"id":1207,"date":"2020-06-17T17:51:31","date_gmt":"2020-06-17T15:51:31","guid":{"rendered":"https:\/\/moritzfaehse.de\/werbefotografie\/?p=1207"},"modified":"2020-06-17T19:03:56","modified_gmt":"2020-06-17T17:03:56","slug":"was-sie-von-unserem-magazin-blog-erwarten-duerfen","status":"publish","type":"post","link":"https:\/\/www.moritzfaehse.de\/werbefotografie\/was-sie-von-unserem-magazin-blog-erwarten-duerfen\/","title":{"rendered":"Ausblick: Was Sie von unserem Magazin erwarten d\u00fcrfen"},"content":{"rendered":"<div class=\"fusion-fullwidth fullwidth-box fusion-builder-row-1 nonhundred-percent-fullwidth non-hundred-percent-height-scrolling\" style=\"--awb-border-radius-top-left:0px;--awb-border-radius-top-right:0px;--awb-border-radius-bottom-right:0px;--awb-border-radius-bottom-left:0px;--awb-flex-wrap:wrap;\" ><div class=\"fusion-builder-row fusion-row\"><div class=\"fusion-layout-column fusion_builder_column fusion-builder-column-0 fusion_builder_column_1_1 1_1 fusion-one-full fusion-column-first fusion-column-last\" style=\"--awb-bg-size:cover;--awb-margin-bottom:0px;\"><div class=\"fusion-column-wrapper fusion-flex-column-wrapper-legacy\"><div class=\"fusion-title title fusion-title-1 fusion-sep-none fusion-title-center fusion-title-text fusion-title-size-one\" style=\"--awb-margin-top-small:0px;--awb-margin-right-small:0px;--awb-margin-bottom-small:20px;--awb-margin-left-small:0px;\"><h1 class=\"fusion-title-heading title-heading-center fusion-responsive-typography-calculated\" style=\"margin:0;--fontSize:45;line-height:1.16;\">Neuigkeiten und Themen rund um Unternehmensfotografie &amp; lokales Marketing<\/h1><\/div><div class=\"fusion-sep-clear\"><\/div><div class=\"fusion-separator fusion-full-width-sep\" style=\"margin-left: auto;margin-right: auto;margin-top:1%;margin-bottom:1%;width:100%;\"><\/div><div class=\"fusion-sep-clear\"><\/div><div class=\"fusion-text fusion-text-1\"><p>Zum aktuellen Zeitpunkt (Juni 2020) ist in unserem Magazin \/ Blog noch nicht viel zu finden, da wir aktuell mit der Fertigstellung dieser neuen Website alle H\u00e4nde voll zu tun haben.<\/p>\n<p>F\u00fcr die kommenden Monate m\u00f6chten wir Ihnen hier allerdings schon mal einen kleinen Ausblick geben, wor\u00fcber wir hier regelm\u00e4\u00dfig schreiben werden.<\/p>\n<p>Neben Neuigkeiten von uns m\u00f6chten wir hier vor allem Themen rund um die Fotografie f\u00fcr Unternehmen und das lokale Marketing aufgreifen. Geplant sind unter anderem Beitr\u00e4ge zu den Themen:<\/p>\n<ul>\n<li>Mitarbeiterfotos DSGVO-konform erstellen und werbewirksam nutzen<\/li>\n<li>Werbebudgets sinnvoll auf Imagefotografie und Social Media Content verteilen<\/li>\n<li>Wichtigkeit individueller Fotos im Content Marketing<\/li>\n<li>Bedeutung von Fotografie und Film im lokalen Marketing<\/li>\n<li class=\"li1\">Social Media Content Strategie f\u00fcr kleine Unternehmen<\/li>\n<li>u.v.m.<\/li>\n<\/ul>\n<p>Au\u00dferdem freuen wir uns auf Ihre Anregungen und beantworten hier gerne Ihre Fragen rund um unsere Dienstleistungen. Schreiben Sie uns dazu einfach <a href=\"https:\/\/moritzfaehse.de\/werbefotografie\/kontakt\/\">eine Nachricht<\/a> oder hinterlassen Sie unten einen Kommentar mit Ihrer Frage!<\/p>\n<\/div><div class=\"fusion-clearfix\"><\/div><\/div><\/div><\/div><\/div>\n","protected":false},"excerpt":{"rendered":"","protected":false},"author":1,"featured_media":875,"comment_status":"open","ping_status":"open","sticky":false,"template":"","format":"standard","meta":{"footnotes":""},"categories":[1],"tags":[],"class_list":["post-1207","post","type-post","status-publish","format-standard","has-post-thumbnail","hentry","category-allgemein"],"yoast_head":"<!-- This site is optimized with the Yoast SEO plugin v27.5 - https:\/\/yoast.com\/product\/yoast-seo-wordpress\/ -->\n<title>Ausblick: Was Sie von unserem Magazin erwarten d\u00fcrfen - Moritz F\u00e4hse Photography<\/title>\n<meta name=\"robots\" content=\"index, follow, max-snippet:-1, max-image-preview:large, max-video-preview:-1\" \/>\n<link rel=\"canonical\" href=\"https:\/\/www.moritzfaehse.de\/werbefotografie\/was-sie-von-unserem-magazin-blog-erwarten-duerfen\/\" \/>\n<meta property=\"og:locale\" content=\"de_DE\" \/>\n<meta property=\"og:type\" content=\"article\" \/>\n<meta property=\"og:title\" content=\"Ausblick: Was Sie von unserem Magazin erwarten d\u00fcrfen - Moritz F\u00e4hse Photography\" \/>\n<meta property=\"og:url\" content=\"https:\/\/www.moritzfaehse.de\/werbefotografie\/was-sie-von-unserem-magazin-blog-erwarten-duerfen\/\" \/>\n<meta property=\"og:site_name\" content=\"Moritz F\u00e4hse Photography\" \/>\n<meta property=\"article:published_time\" content=\"2020-06-17T15:51:31+00:00\" \/>\n<meta property=\"article:modified_time\" content=\"2020-06-17T17:03:56+00:00\" \/>\n<meta property=\"og:image\" content=\"https:\/\/www.moritzfaehse.de\/werbefotografie\/wp-content\/uploads\/2020\/06\/werbefotografie-location-scouting-dienstleistungen-002.jpg\" \/>\n\t<meta property=\"og:image:width\" content=\"1000\" \/>\n\t<meta property=\"og:image:height\" content=\"714\" \/>\n\t<meta property=\"og:image:type\" content=\"image\/jpeg\" \/>\n<meta name=\"author\" content=\"Moritz F\u00e4hse\" \/>\n<meta name=\"twitter:card\" content=\"summary_large_image\" \/>\n<meta name=\"twitter:label1\" content=\"Verfasst von\" \/>\n\t<meta name=\"twitter:data1\" content=\"Moritz F\u00e4hse\" \/>\n\t<meta name=\"twitter:label2\" content=\"Gesch\u00e4tzte Lesezeit\" \/>\n\t<meta name=\"twitter:data2\" content=\"3\u00a0Minuten\" \/>\n<script type=\"application\/ld+json\" class=\"yoast-schema-graph\">{\"@context\":\"https:\\\/\\\/schema.org\",\"@graph\":[{\"@type\":\"Article\",\"@id\":\"https:\\\/\\\/www.moritzfaehse.de\\\/werbefotografie\\\/was-sie-von-unserem-magazin-blog-erwarten-duerfen\\\/#article\",\"isPartOf\":{\"@id\":\"https:\\\/\\\/www.moritzfaehse.de\\\/werbefotografie\\\/was-sie-von-unserem-magazin-blog-erwarten-duerfen\\\/\"},\"author\":{\"name\":\"Moritz F\u00e4hse\",\"@id\":\"https:\\\/\\\/www.moritzfaehse.de\\\/werbefotografie\\\/#\\\/schema\\\/person\\\/e1573193975e7d8e4cf962fb5a5bb802\"},\"headline\":\"Ausblick: Was Sie von unserem Magazin erwarten d\u00fcrfen\",\"datePublished\":\"2020-06-17T15:51:31+00:00\",\"dateModified\":\"2020-06-17T17:03:56+00:00\",\"mainEntityOfPage\":{\"@id\":\"https:\\\/\\\/www.moritzfaehse.de\\\/werbefotografie\\\/was-sie-von-unserem-magazin-blog-erwarten-duerfen\\\/\"},\"wordCount\":592,\"commentCount\":0,\"publisher\":{\"@id\":\"https:\\\/\\\/www.moritzfaehse.de\\\/werbefotografie\\\/#organization\"},\"image\":{\"@id\":\"https:\\\/\\\/www.moritzfaehse.de\\\/werbefotografie\\\/was-sie-von-unserem-magazin-blog-erwarten-duerfen\\\/#primaryimage\"},\"thumbnailUrl\":\"https:\\\/\\\/www.moritzfaehse.de\\\/werbefotografie\\\/wp-content\\\/uploads\\\/2020\\\/06\\\/werbefotografie-location-scouting-dienstleistungen-002.jpg\",\"inLanguage\":\"de\",\"potentialAction\":[{\"@type\":\"CommentAction\",\"name\":\"Comment\",\"target\":[\"https:\\\/\\\/www.moritzfaehse.de\\\/werbefotografie\\\/was-sie-von-unserem-magazin-blog-erwarten-duerfen\\\/#respond\"]}]},{\"@type\":\"WebPage\",\"@id\":\"https:\\\/\\\/www.moritzfaehse.de\\\/werbefotografie\\\/was-sie-von-unserem-magazin-blog-erwarten-duerfen\\\/\",\"url\":\"https:\\\/\\\/www.moritzfaehse.de\\\/werbefotografie\\\/was-sie-von-unserem-magazin-blog-erwarten-duerfen\\\/\",\"name\":\"Ausblick: Was Sie von unserem Magazin erwarten d\u00fcrfen - Moritz F\u00e4hse Photography\",\"isPartOf\":{\"@id\":\"https:\\\/\\\/www.moritzfaehse.de\\\/werbefotografie\\\/#website\"},\"primaryImageOfPage\":{\"@id\":\"https:\\\/\\\/www.moritzfaehse.de\\\/werbefotografie\\\/was-sie-von-unserem-magazin-blog-erwarten-duerfen\\\/#primaryimage\"},\"image\":{\"@id\":\"https:\\\/\\\/www.moritzfaehse.de\\\/werbefotografie\\\/was-sie-von-unserem-magazin-blog-erwarten-duerfen\\\/#primaryimage\"},\"thumbnailUrl\":\"https:\\\/\\\/www.moritzfaehse.de\\\/werbefotografie\\\/wp-content\\\/uploads\\\/2020\\\/06\\\/werbefotografie-location-scouting-dienstleistungen-002.jpg\",\"datePublished\":\"2020-06-17T15:51:31+00:00\",\"dateModified\":\"2020-06-17T17:03:56+00:00\",\"breadcrumb\":{\"@id\":\"https:\\\/\\\/www.moritzfaehse.de\\\/werbefotografie\\\/was-sie-von-unserem-magazin-blog-erwarten-duerfen\\\/#breadcrumb\"},\"inLanguage\":\"de\",\"potentialAction\":[{\"@type\":\"ReadAction\",\"target\":[\"https:\\\/\\\/www.moritzfaehse.de\\\/werbefotografie\\\/was-sie-von-unserem-magazin-blog-erwarten-duerfen\\\/\"]}]},{\"@type\":\"ImageObject\",\"inLanguage\":\"de\",\"@id\":\"https:\\\/\\\/www.moritzfaehse.de\\\/werbefotografie\\\/was-sie-von-unserem-magazin-blog-erwarten-duerfen\\\/#primaryimage\",\"url\":\"https:\\\/\\\/www.moritzfaehse.de\\\/werbefotografie\\\/wp-content\\\/uploads\\\/2020\\\/06\\\/werbefotografie-location-scouting-dienstleistungen-002.jpg\",\"contentUrl\":\"https:\\\/\\\/www.moritzfaehse.de\\\/werbefotografie\\\/wp-content\\\/uploads\\\/2020\\\/06\\\/werbefotografie-location-scouting-dienstleistungen-002.jpg\",\"width\":1000,\"height\":714,\"caption\":\"Die K\u00fcste von Sonoma County in Kalifornien mit samtig weichem Wasser dank Langzeitbelichtung\"},{\"@type\":\"BreadcrumbList\",\"@id\":\"https:\\\/\\\/www.moritzfaehse.de\\\/werbefotografie\\\/was-sie-von-unserem-magazin-blog-erwarten-duerfen\\\/#breadcrumb\",\"itemListElement\":[{\"@type\":\"ListItem\",\"position\":1,\"name\":\"Startseite\",\"item\":\"https:\\\/\\\/www.moritzfaehse.de\\\/werbefotografie\\\/\"},{\"@type\":\"ListItem\",\"position\":2,\"name\":\"Ausblick: Was Sie von unserem Magazin erwarten d\u00fcrfen\"}]},{\"@type\":\"WebSite\",\"@id\":\"https:\\\/\\\/www.moritzfaehse.de\\\/werbefotografie\\\/#website\",\"url\":\"https:\\\/\\\/www.moritzfaehse.de\\\/werbefotografie\\\/\",\"name\":\"Moritz F\u00e4hse Photography\",\"description\":\"Werbefotografie im M\u00fcnsterland\",\"publisher\":{\"@id\":\"https:\\\/\\\/www.moritzfaehse.de\\\/werbefotografie\\\/#organization\"},\"potentialAction\":[{\"@type\":\"SearchAction\",\"target\":{\"@type\":\"EntryPoint\",\"urlTemplate\":\"https:\\\/\\\/www.moritzfaehse.de\\\/werbefotografie\\\/?s={search_term_string}\"},\"query-input\":{\"@type\":\"PropertyValueSpecification\",\"valueRequired\":true,\"valueName\":\"search_term_string\"}}],\"inLanguage\":\"de\"},{\"@type\":\"Organization\",\"@id\":\"https:\\\/\\\/www.moritzfaehse.de\\\/werbefotografie\\\/#organization\",\"name\":\"Moritz F\u00e4hse Photography |\u00a0Werbefotografie im M\u00fcnsterland\",\"url\":\"https:\\\/\\\/www.moritzfaehse.de\\\/werbefotografie\\\/\",\"logo\":{\"@type\":\"ImageObject\",\"inLanguage\":\"de\",\"@id\":\"https:\\\/\\\/www.moritzfaehse.de\\\/werbefotografie\\\/#\\\/schema\\\/logo\\\/image\\\/\",\"url\":\"https:\\\/\\\/www.moritzfaehse.de\\\/werbefotografie\\\/wp-content\\\/uploads\\\/2020\\\/06\\\/moritz-fa\u0308hse-photography-logo-1000.png\",\"contentUrl\":\"https:\\\/\\\/www.moritzfaehse.de\\\/werbefotografie\\\/wp-content\\\/uploads\\\/2020\\\/06\\\/moritz-fa\u0308hse-photography-logo-1000.png\",\"width\":1000,\"height\":71,\"caption\":\"Moritz F\u00e4hse Photography |\u00a0Werbefotografie im M\u00fcnsterland\"},\"image\":{\"@id\":\"https:\\\/\\\/www.moritzfaehse.de\\\/werbefotografie\\\/#\\\/schema\\\/logo\\\/image\\\/\"}},{\"@type\":\"Person\",\"@id\":\"https:\\\/\\\/www.moritzfaehse.de\\\/werbefotografie\\\/#\\\/schema\\\/person\\\/e1573193975e7d8e4cf962fb5a5bb802\",\"name\":\"Moritz F\u00e4hse\",\"image\":{\"@type\":\"ImageObject\",\"inLanguage\":\"de\",\"@id\":\"https:\\\/\\\/secure.gravatar.com\\\/avatar\\\/31cef665c81fef038eb8d821b7bca832fb942be6c95dbcd120921a7b78422689?s=96&d=mm&r=g\",\"url\":\"https:\\\/\\\/secure.gravatar.com\\\/avatar\\\/31cef665c81fef038eb8d821b7bca832fb942be6c95dbcd120921a7b78422689?s=96&d=mm&r=g\",\"contentUrl\":\"https:\\\/\\\/secure.gravatar.com\\\/avatar\\\/31cef665c81fef038eb8d821b7bca832fb942be6c95dbcd120921a7b78422689?s=96&d=mm&r=g\",\"caption\":\"Moritz F\u00e4hse\"},\"description\":\"ist gelernter Werbefotograf, lebt zwischen Osnabr\u00fcck und M\u00fcnster und arbeitet als selbstst\u00e4ndiger Business- &amp; Industriefotograf vor allem f\u00fcr kleine und mittelst\u00e4ndige Unternehmen, Agenturen und Privatpersonen im M\u00fcnsterland und dar\u00fcber hinaus. Neben Neuigkeiten und Infos zu seiner Arbeit schreibt und ber\u00e4t er in seinem Blog auch zu den Themen Marketing, SEO &amp; lokale SIchtbarkeit f\u00fcr Unternehmen.\",\"sameAs\":[\"https:\\\/\\\/moritzfaehse.de\\\/werbefotografie\"]}]}<\/script>\n<!-- \/ Yoast SEO plugin. -->","yoast_head_json":{"title":"Ausblick: Was Sie von unserem Magazin erwarten d\u00fcrfen - Moritz F\u00e4hse Photography","robots":{"index":"index","follow":"follow","max-snippet":"max-snippet:-1","max-image-preview":"max-image-preview:large","max-video-preview":"max-video-preview:-1"},"canonical":"https:\/\/www.moritzfaehse.de\/werbefotografie\/was-sie-von-unserem-magazin-blog-erwarten-duerfen\/","og_locale":"de_DE","og_type":"article","og_title":"Ausblick: Was Sie von unserem Magazin erwarten d\u00fcrfen - Moritz F\u00e4hse Photography","og_url":"https:\/\/www.moritzfaehse.de\/werbefotografie\/was-sie-von-unserem-magazin-blog-erwarten-duerfen\/","og_site_name":"Moritz F\u00e4hse Photography","article_published_time":"2020-06-17T15:51:31+00:00","article_modified_time":"2020-06-17T17:03:56+00:00","og_image":[{"width":1000,"height":714,"url":"https:\/\/www.moritzfaehse.de\/werbefotografie\/wp-content\/uploads\/2020\/06\/werbefotografie-location-scouting-dienstleistungen-002.jpg","type":"image\/jpeg"}],"author":"Moritz F\u00e4hse","twitter_card":"summary_large_image","twitter_misc":{"Verfasst von":"Moritz F\u00e4hse","Gesch\u00e4tzte Lesezeit":"3\u00a0Minuten"},"schema":{"@context":"https:\/\/schema.org","@graph":[{"@type":"Article","@id":"https:\/\/www.moritzfaehse.de\/werbefotografie\/was-sie-von-unserem-magazin-blog-erwarten-duerfen\/#article","isPartOf":{"@id":"https:\/\/www.moritzfaehse.de\/werbefotografie\/was-sie-von-unserem-magazin-blog-erwarten-duerfen\/"},"author":{"name":"Moritz F\u00e4hse","@id":"https:\/\/www.moritzfaehse.de\/werbefotografie\/#\/schema\/person\/e1573193975e7d8e4cf962fb5a5bb802"},"headline":"Ausblick: Was Sie von unserem Magazin erwarten d\u00fcrfen","datePublished":"2020-06-17T15:51:31+00:00","dateModified":"2020-06-17T17:03:56+00:00","mainEntityOfPage":{"@id":"https:\/\/www.moritzfaehse.de\/werbefotografie\/was-sie-von-unserem-magazin-blog-erwarten-duerfen\/"},"wordCount":592,"commentCount":0,"publisher":{"@id":"https:\/\/www.moritzfaehse.de\/werbefotografie\/#organization"},"image":{"@id":"https:\/\/www.moritzfaehse.de\/werbefotografie\/was-sie-von-unserem-magazin-blog-erwarten-duerfen\/#primaryimage"},"thumbnailUrl":"https:\/\/www.moritzfaehse.de\/werbefotografie\/wp-content\/uploads\/2020\/06\/werbefotografie-location-scouting-dienstleistungen-002.jpg","inLanguage":"de","potentialAction":[{"@type":"CommentAction","name":"Comment","target":["https:\/\/www.moritzfaehse.de\/werbefotografie\/was-sie-von-unserem-magazin-blog-erwarten-duerfen\/#respond"]}]},{"@type":"WebPage","@id":"https:\/\/www.moritzfaehse.de\/werbefotografie\/was-sie-von-unserem-magazin-blog-erwarten-duerfen\/","url":"https:\/\/www.moritzfaehse.de\/werbefotografie\/was-sie-von-unserem-magazin-blog-erwarten-duerfen\/","name":"Ausblick: Was Sie von unserem Magazin erwarten d\u00fcrfen - Moritz F\u00e4hse Photography","isPartOf":{"@id":"https:\/\/www.moritzfaehse.de\/werbefotografie\/#website"},"primaryImageOfPage":{"@id":"https:\/\/www.moritzfaehse.de\/werbefotografie\/was-sie-von-unserem-magazin-blog-erwarten-duerfen\/#primaryimage"},"image":{"@id":"https:\/\/www.moritzfaehse.de\/werbefotografie\/was-sie-von-unserem-magazin-blog-erwarten-duerfen\/#primaryimage"},"thumbnailUrl":"https:\/\/www.moritzfaehse.de\/werbefotografie\/wp-content\/uploads\/2020\/06\/werbefotografie-location-scouting-dienstleistungen-002.jpg","datePublished":"2020-06-17T15:51:31+00:00","dateModified":"2020-06-17T17:03:56+00:00","breadcrumb":{"@id":"https:\/\/www.moritzfaehse.de\/werbefotografie\/was-sie-von-unserem-magazin-blog-erwarten-duerfen\/#breadcrumb"},"inLanguage":"de","potentialAction":[{"@type":"ReadAction","target":["https:\/\/www.moritzfaehse.de\/werbefotografie\/was-sie-von-unserem-magazin-blog-erwarten-duerfen\/"]}]},{"@type":"ImageObject","inLanguage":"de","@id":"https:\/\/www.moritzfaehse.de\/werbefotografie\/was-sie-von-unserem-magazin-blog-erwarten-duerfen\/#primaryimage","url":"https:\/\/www.moritzfaehse.de\/werbefotografie\/wp-content\/uploads\/2020\/06\/werbefotografie-location-scouting-dienstleistungen-002.jpg","contentUrl":"https:\/\/www.moritzfaehse.de\/werbefotografie\/wp-content\/uploads\/2020\/06\/werbefotografie-location-scouting-dienstleistungen-002.jpg","width":1000,"height":714,"caption":"Die K\u00fcste von Sonoma County in Kalifornien mit samtig weichem Wasser dank Langzeitbelichtung"},{"@type":"BreadcrumbList","@id":"https:\/\/www.moritzfaehse.de\/werbefotografie\/was-sie-von-unserem-magazin-blog-erwarten-duerfen\/#breadcrumb","itemListElement":[{"@type":"ListItem","position":1,"name":"Startseite","item":"https:\/\/www.moritzfaehse.de\/werbefotografie\/"},{"@type":"ListItem","position":2,"name":"Ausblick: Was Sie von unserem Magazin erwarten d\u00fcrfen"}]},{"@type":"WebSite","@id":"https:\/\/www.moritzfaehse.de\/werbefotografie\/#website","url":"https:\/\/www.moritzfaehse.de\/werbefotografie\/","name":"Moritz F\u00e4hse Photography","description":"Werbefotografie im M\u00fcnsterland","publisher":{"@id":"https:\/\/www.moritzfaehse.de\/werbefotografie\/#organization"},"potentialAction":[{"@type":"SearchAction","target":{"@type":"EntryPoint","urlTemplate":"https:\/\/www.moritzfaehse.de\/werbefotografie\/?s={search_term_string}"},"query-input":{"@type":"PropertyValueSpecification","valueRequired":true,"valueName":"search_term_string"}}],"inLanguage":"de"},{"@type":"Organization","@id":"https:\/\/www.moritzfaehse.de\/werbefotografie\/#organization","name":"Moritz F\u00e4hse Photography |\u00a0Werbefotografie im M\u00fcnsterland","url":"https:\/\/www.moritzfaehse.de\/werbefotografie\/","logo":{"@type":"ImageObject","inLanguage":"de","@id":"https:\/\/www.moritzfaehse.de\/werbefotografie\/#\/schema\/logo\/image\/","url":"https:\/\/www.moritzfaehse.de\/werbefotografie\/wp-content\/uploads\/2020\/06\/moritz-fa\u0308hse-photography-logo-1000.png","contentUrl":"https:\/\/www.moritzfaehse.de\/werbefotografie\/wp-content\/uploads\/2020\/06\/moritz-fa\u0308hse-photography-logo-1000.png","width":1000,"height":71,"caption":"Moritz F\u00e4hse Photography |\u00a0Werbefotografie im M\u00fcnsterland"},"image":{"@id":"https:\/\/www.moritzfaehse.de\/werbefotografie\/#\/schema\/logo\/image\/"}},{"@type":"Person","@id":"https:\/\/www.moritzfaehse.de\/werbefotografie\/#\/schema\/person\/e1573193975e7d8e4cf962fb5a5bb802","name":"Moritz F\u00e4hse","image":{"@type":"ImageObject","inLanguage":"de","@id":"https:\/\/secure.gravatar.com\/avatar\/31cef665c81fef038eb8d821b7bca832fb942be6c95dbcd120921a7b78422689?s=96&d=mm&r=g","url":"https:\/\/secure.gravatar.com\/avatar\/31cef665c81fef038eb8d821b7bca832fb942be6c95dbcd120921a7b78422689?s=96&d=mm&r=g","contentUrl":"https:\/\/secure.gravatar.com\/avatar\/31cef665c81fef038eb8d821b7bca832fb942be6c95dbcd120921a7b78422689?s=96&d=mm&r=g","caption":"Moritz F\u00e4hse"},"description":"ist gelernter Werbefotograf, lebt zwischen Osnabr\u00fcck und M\u00fcnster und arbeitet als selbstst\u00e4ndiger Business- &amp; Industriefotograf vor allem f\u00fcr kleine und mittelst\u00e4ndige Unternehmen, Agenturen und Privatpersonen im M\u00fcnsterland und dar\u00fcber hinaus. Neben Neuigkeiten und Infos zu seiner Arbeit schreibt und ber\u00e4t er in seinem Blog auch zu den Themen Marketing, SEO &amp; lokale SIchtbarkeit f\u00fcr Unternehmen.","sameAs":["https:\/\/moritzfaehse.de\/werbefotografie"]}]}},"_links":{"self":[{"href":"https:\/\/www.moritzfaehse.de\/werbefotografie\/wp-json\/wp\/v2\/posts\/1207","targetHints":{"allow":["GET"]}}],"collection":[{"href":"https:\/\/www.moritzfaehse.de\/werbefotografie\/wp-json\/wp\/v2\/posts"}],"about":[{"href":"https:\/\/www.moritzfaehse.de\/werbefotografie\/wp-json\/wp\/v2\/types\/post"}],"author":[{"embeddable":true,"href":"https:\/\/www.moritzfaehse.de\/werbefotografie\/wp-json\/wp\/v2\/users\/1"}],"replies":[{"embeddable":true,"href":"https:\/\/www.moritzfaehse.de\/werbefotografie\/wp-json\/wp\/v2\/comments?post=1207"}],"version-history":[{"count":7,"href":"https:\/\/www.moritzfaehse.de\/werbefotografie\/wp-json\/wp\/v2\/posts\/1207\/revisions"}],"predecessor-version":[{"id":1215,"href":"https:\/\/www.moritzfaehse.de\/werbefotografie\/wp-json\/wp\/v2\/posts\/1207\/revisions\/1215"}],"wp:featuredmedia":[{"embeddable":true,"href":"https:\/\/www.moritzfaehse.de\/werbefotografie\/wp-json\/wp\/v2\/media\/875"}],"wp:attachment":[{"href":"https:\/\/www.moritzfaehse.de\/werbefotografie\/wp-json\/wp\/v2\/media?parent=1207"}],"wp:term":[{"taxonomy":"category","embeddable":true,"href":"https:\/\/www.moritzfaehse.de\/werbefotografie\/wp-json\/wp\/v2\/categories?post=1207"},{"taxonomy":"post_tag","embeddable":true,"href":"https:\/\/www.moritzfaehse.de\/werbefotografie\/wp-json\/wp\/v2\/tags?post=1207"}],"curies":[{"name":"wp","href":"https:\/\/api.w.org\/{rel}","templated":true}]}}